{"id":2614,"date":"2016-10-01T08:22:33","date_gmt":"2016-10-01T08:22:33","guid":{"rendered":"https:\/\/www.sibiu-labor-law-conference.ro\/?p=2614"},"modified":"2021-03-31T09:26:21","modified_gmt":"2021-03-31T09:26:21","slug":"solutii-normative-sau-jurisprudentiale-criticabile-prin-prisma-specificului-raporturilor-juridice-de-munca","status":"publish","type":"post","link":"https:\/\/conferences.ulbsibiu.ro\/labour-law\/solutii-normative-sau-jurisprudentiale-criticabile-prin-prisma-specificului-raporturilor-juridice-de-munca\/","title":{"rendered":"Solu\u021bii normative sau jurispruden\u021biale criticabile prin prisma specificului raporturilor juridice de munc\u0103"},"content":{"rendered":"<h2 style=\"text-align: center;\">CONFERIN\u0162A NA\u0162IONAL\u0102<br \/>\nDREPTUL MUNCII &#8211; edi\u021bia a VI-a<br \/>\nSibiu, 28 OCTOMBRIE 2016<\/h2>\n<h3 style=\"text-align: center;\">\u201eSolu\u0163ii normative sau jurispruden\u0163iale criticabile prin prisma specificului raporturilor juridice de munc\u0103\u201d<\/h3>\n<p>&nbsp;<\/p>\n<p><strong>Organizator:<\/strong> Universitatea \u201eLucian Blaga\u201d din Sibiu, Facultatea de Drept<\/p>\n<p><strong>Conferin\u021ba Na\u021bional\u0103 de Dreptul Muncii<\/strong>, edi\u021bia a VI-a, 28 octombrie 2016<\/p>\n<p><strong>Tema:<\/strong> \u201eSolu\u021bii normative sau jurispruden\u021biale criticabile prin prisma specificului raporturilor juridice de munc\u0103\u201d<\/p>\n<p><strong>Volum:<\/strong>\u201eSolu\u021bii normative sau jurispruden\u021biale criticabile prin prisma specificului raporturilor juridice de munc\u0103\u201d<\/p>\n<p><strong>Editura Universul Juridic, Bucure\u0219ti, ISBN 978-606-39-0057-0<\/strong>, editori volum: prof.univ.dr. Marioara \u021aichindelean, conf.univ.dr. Monica Gheorghe<\/p>\n<p>&nbsp;<\/p>\n<p><strong><em>COMITET \u015eTIIN\u0162IFIC \u015eI DE ORGANIZARE<\/em><\/strong><\/p>\n<p>Dr.H.C. \u015eerban Beligr\u0103deanu, Redactor-\u015fef Revista \u201eDreptul\u201d<\/p>\n<p>Prof.univ.dr. H.C. Ion Le\u015f, Facultatea de Drept, Universitatea \u201eLucian Blaga\u201d din Sibiu<\/p>\n<p>Prof.univ. emerit dr. Ion Traian \u015etef\u0103nescu, Academia de Studii Economice din Bucure\u015fti \u2013 referent \u0219tiin\u021bific<\/p>\n<p>Prof.univ.dr. Claudia-Ana Costea, Facultatea de Drept, Universitatea din Bucure\u015fti<\/p>\n<p>Prof. univ.dr. Raluca Dimitriu, Academia de Studii Economice din Bucure\u015fti<\/p>\n<p>Prof.univ.dr. Vlad Barbu, Academia de Poli\u0163ie \u201eAlexandru Ioan Cuza\u201d din Bucure\u015fti<\/p>\n<p>Prof.univ.dr. Alexandru \u0162iclea, rector Universitatea Ecologic\u0103 din Bucure\u015fti \u2013 referent \u0219tiin\u021bific<\/p>\n<p>Prof.univ.dr. Ovidiu \u0162inca, Facultatea de Drept, Universitatea \u201eAgora\u201d din Oradea<\/p>\n<p>Prof.univ.dr. Magda Volonciu, Facultatea de Drept, Universitatea \u201eTitu Maiorescu\u201d din Bucure\u015fti<\/p>\n<p>Prof.univ.dr. Radu-Gheorghe Geam\u0103nu, decanul Facult\u0103\u021bii de Drept, Universitatea \u201eLucian Blaga\u201d din Sibiu<\/p>\n<p>Conf.univ.dr. Marioara \u0162ichindelean, Facultatea de Drept, Universitatea \u201eLucian Blaga\u201d din Sibiu<\/p>\n<p>Lector univ.dr. Monica Gheorghe, Facultatea de Drept, Universitatea \u201eLucian Blaga\u201d din Sibiu<\/p>\n<p>&nbsp;<\/p>\n<p style=\"text-align: center;\"><strong>PROGRAM<\/strong><\/p>\n<p style=\"text-align: center;\"><strong>Vineri, 28 octombrie 2016, Facultatea de Drept<\/strong><\/p>\n<p>&nbsp;<\/p>\n<p style=\"text-align: left;\"><strong>08.45 \u2013 09.00 \u2013 Primirea invita\u021bilor \u2013 Consiliul Facult\u0103\u0163ii de drept, etaj 1, sala 111<\/strong><br \/>\n<strong>09.00 \u2013 09.30 \u2013 Deschiderea Conferin\u0163ei \u2013 Aula Magna<\/strong><br \/>\n<strong>09.30 \u2013 11.30 \u2013 Prelegeri \u015fi dezbateri \u2013 Aula Magna<\/strong><\/p>\n<p style=\"text-align: left;\"><em><strong>Moderatori: Prof.univ.dr. Raluca Dimitriu<\/strong><\/em><br \/>\n<em><strong>Lector univ.dr. Monica Gheorghe<\/strong><\/em><\/p>\n<p style=\"text-align: left;\">1. Prof.univ.emerit dr. Ion Traian \u0218tef\u0103nescu, Academia de Studii Economice din Bucure\u015fti, membru fondator \u201eRevista rom\u00e2n\u0103 de dreptul muncii\u201d<\/p>\n<ul>\n<li>C\u00e2teva solu\u021bii criticabile din practica judec\u0103toreasc\u0103 referitoare la solu\u021bionarea conflictelor individuale de munc\u0103<\/li>\n<\/ul>\n<p>2. Prof.univ.dr. Alexandru Athanasiu, Universitatea din Bucure\u0219ti, Facultatea de Drept<\/p>\n<ul>\n<li>\u00a0O solu\u021bie fals solomonic\u0103? Reflec\u021bii pe marginea Deciziei nr. 956\/2012 a Cur\u021bii Constitu\u021bionale privind neconstitu\u021bionalitatea dispozi\u021biilor art. 149 \u0219i art. 151 din Legea nr. 263\/2010<\/li>\n<\/ul>\n<p>3. Prof.univ.dr. Magda Volonciu, Universitatea \u201eTitu Maiorescu\u201d din Bucure\u0219ti, avocat \u2013 Baroul Bucure\u0219ti<\/p>\n<ul>\n<li>Efectele dispozi\u021biilor de protec\u021bie cuprinse \u00een O.U.G. nr. 111\/2010 privind concediul \u0219i indemniza\u021bia lunar\u0103 pentru cre\u0219terea copilului<\/li>\n<\/ul>\n<p>4. Prof.univ.dr. Raluca Dimitriu, Academia de Studii Economice din Bucure\u015fti<\/p>\n<ul>\n<li>\u00a0Provoc\u0103ri ale sindicalismului rom\u00e2nesc actual<\/li>\n<\/ul>\n<p><strong>11.30 \u2013 12.00 \u2013 Pauz\u0103<\/strong><br \/>\n<strong>12.00 \u2013 14.00 \u2013 Prelegeri \u015fi dezbateri \u2013 Aula Magna<\/strong><\/p>\n<p><em><strong>Moderatori: Prof.univ.dr. Magda Volonciu<\/strong><\/em><br \/>\n<em><strong>Conf. univ.dr. Marioara \u021aichindelean<\/strong><\/em><\/p>\n<p>5. Lector univ.dr. Septimiu Panainte, Universitatea \u201eAlexandru Ioan Cuza\u201d din Ia\u015fi, Decanul Facult\u0103\u021bii de Drept<\/p>\n<ul>\n<li>Statutul liderilor de sindicat \u00eentre protec\u021bia necesar\u0103 \u0219i prezum\u021bia de abuz din partea angajatorului: art. 50 lit. e) din Codul muncii.<\/li>\n<\/ul>\n<p>6. Prof.univ.dr. Ovidiu \u021ainca, Universitatea \u201eAgora\u201d din Oradea, Facultatea de Drept<\/p>\n<ul>\n<li>Comentarii referitoare la modificarea prin acordul p\u0103r\u021bilor a unor clauze din contractul individual de munc\u0103<\/li>\n<\/ul>\n<p>7. Lector univ.dr. Felicia Ro\u0219ioru, Universitatea \u201eBabe\u0219-Bolyai\u201d din Cluj-Napoca, Facultatea de Drept<\/p>\n<ul>\n<li>\u00a0Salariatul &#8211; un concept european?<\/li>\n<\/ul>\n<p>8. Inspector-\u0219ef Szombatfalvi \u2013 T\u00f6r\u00f6k Francisc, Inspectoratul teritorial de munc\u0103 Sibiu<\/p>\n<ul>\n<li>Provoc\u0103ri legislative \u00een lumea schimb\u0103toare a muncii<\/li>\n<\/ul>\n<p>9. Conf.univ.dr. Lumini\u021ba Dima, Universitatea din Bucure\u015fti, Facultatea de Drept, avocat \u2013 Baroul Bucure\u015fti<\/p>\n<ul>\n<li>Solu\u021bii jurispruden\u021biale \u00een domeniul clauzelor de neconcuren\u021b\u0103<\/li>\n<\/ul>\n<p>10. Conf.univ.dr. Carmen Nenu, Universitatea din Pite\u0219ti, Facultatea de Drept \u0219i \u0218tiin\u021be Administrative, avocat \u2013 Baroul Arge\u0219<\/p>\n<ul>\n<li>Perioada de prob\u0103. Aprecieri critice asupra unor opinii jurispruden\u021biale<\/li>\n<\/ul>\n<p>11. Drd. Alexandru Mihai Iona\u0219cu, Universitatea din Bucure\u0219ti, Facultatea de Drept<\/p>\n<ul>\n<li>Agentul de munc\u0103 temporar\u0103<\/li>\n<\/ul>\n<p>12. av.dr. Veronica Voinescu, lector univ.dr. Irina Sorica, Universitatea \u201eGeorge Bari\u0163iu\u201d din Bra\u015fov, Facultatea de Drept, avocat \u2013 Baroul Bucure\u0219ti<\/p>\n<ul>\n<li>Aspecte practice privind modificarea contractului individual de munc\u0103 \u00een cazul personalului bugetar<\/li>\n<\/ul>\n<p><strong>14.00\u2013 15.30 \u2013 Pauz\u0103: pr\u00e2nz la restaurantul Pensiunii Rubin<\/strong><br \/>\n<strong>15.30 \u2013 20.30 &#8211; Prelegeri \u015fi dezbateri \u2013 Facultatea de Drept, etaj 1, sala 101<\/strong><\/p>\n<p><em><strong>Moderatori: Lector univ.dr. Felicia Ro\u0219ioru<\/strong><\/em><br \/>\n<em><strong>Lector univ.dr. Septimiu Panainte<\/strong><\/em><\/p>\n<p>13. Conf.univ.dr. Gabriel Uluitu, Facultatea de Drept, Universitatea \u201eNicolae Titulescu\u201d Bucure\u015fti, avocat \u2013 Baroul Bucure\u015fti<\/p>\n<ul>\n<li>Solu\u021bii eronate ale instan\u021belor referitoare la modalitatea de executare a dispozitivului unor hot\u0103r\u00e2ri judec\u0103tore\u0219ti pronun\u021bate \u00een solu\u021bionarea litigiilor de munc\u0103<\/li>\n<\/ul>\n<p>14. Lector univ.dr. Traian Tunsoiu, Universitatea din Bucure\u015fti, Facultatea de Drept<\/p>\n<ul>\n<li>Aplicarea prevederilor art. 56 lit. f) din Codul muncii, \u00een situa\u021bia \u00een care pedeapsa privativ\u0103 de libertate se execut\u0103 cu suspendare<\/li>\n<\/ul>\n<p>15. Lector univ. dr. Loredana Doseanu, Universitatea Agora din Oradea<\/p>\n<ul>\n<li>\u00cencetarea de drept a contractului individual de munc\u0103 \u00een ipoteza art. 80 alin. (3) din Codul muncii<\/li>\n<\/ul>\n<p>16. Asist.univ.dr. Ana-Maria Vl\u0103sceanu, Universitatea din Bucure\u015fti, Facultatea de Drept, avocat \u2013 Baroul Bucure\u015fti<\/p>\n<ul>\n<li>Men\u021binerea drepturilor salariale \u00een cazul transferului de \u00eentreprinderi: \u00eentre rigiditate \u0219i flexibilitate<\/li>\n<\/ul>\n<p>17. Lector univ.dr. Monica Gheorghe, Universitatea \u201eLucian Blaga\u201d din Sibiu, Facultatea de Drept<\/p>\n<ul>\n<li>Considerente privind unele discrepan\u021be \u00eentre viziunea asupra concedierii colective existente \u00een legisla\u021bia intern\u0103 \u0219i normele europene \u0219i jurispruden\u021ba CJUE \u00een materie<\/li>\n<\/ul>\n<p>18. Lector univ. dr. Radu Gheorghe Florian, Universitatea Agora din Oradea<\/p>\n<ul>\n<li>Revocarea deciziei de concediere. Natura juridic\u0103. Efecte.<\/li>\n<\/ul>\n<p>19. Conf.univ.dr. Marioara \u021aichindelean, Universitatea \u201eLucian Blaga\u201d din Sibiu, Facultatea de Drept<\/p>\n<ul>\n<li>Discu\u021bii privind competen\u021ba teritorial\u0103 a instan\u021belor judec\u0103tore\u0219ti \u00een solu\u021bionarea conflictelor individuale de munc\u0103 ale magistra\u021bilor, asisten\u021bilor judiciari \u0219i grefierilor<\/li>\n<\/ul>\n<p>20. Drd. Cosmin Dorel Andreica, Universitatea din Bucure\u0219ti, Facultatea de Drept<\/p>\n<ul>\n<li>Rolul \u0219i importan\u021ba Oficiului de mediere \u0219i arbitraj al conflictelor colective de munc\u0103<\/li>\n<\/ul>\n<p>21. Drd. Georgiana Enache, Universitatea din Bucure\u0219ti, Facultatea de Drept<\/p>\n<ul>\n<li>Participarea salaria\u021bilor la procesul decizional. Cazul societ\u0103\u021bii europene<\/li>\n<\/ul>\n<p><em><strong>Moderatori: Conf. univ.dr. Carmen Nenu<\/strong><\/em><br \/>\n<em><strong>Conf. univ.dr. Gabriel Aurelian Uluitu<\/strong><\/em><\/p>\n<p>22. Asist.univ.dr. Radu P\u0103tru, Academia de Studii Economice din Bucure\u0219ti, Departamentul de Drept<\/p>\n<ul>\n<li>Observa\u021bii critice \u0219i propuneri de lege ferenda \u00een materia r\u0103spunderii disciplinare a salaria\u021bilor<\/li>\n<\/ul>\n<p>23. Conf.univ.dr. Radu R\u0103zvan Popescu, \u0218coala Na\u021bional\u0103 de Studii Politice \u0219i Administrative, Facultatea de Administra\u021bie Public\u0103, avocat \u2013 Baroul Bucure\u0219ti<\/p>\n<ul>\n<li>O scurt\u0103 analiz\u0103 a jurispruden\u021bei europene actuale \u00een materia nediscrimin\u0103rii pe criteriul sexului \u00een raporturile de munc\u0103<\/li>\n<\/ul>\n<p>24. Av. \u0218tefan Nartea, Baroul Sibiu<\/p>\n<ul>\n<li>Probleme teoretice \u0219i practice referitoare la propunerea Comisiei Europene pentru o nou\u0103 Directiv\u0103 aferent\u0103 deta\u0219\u0103rii lucr\u0103torilor \u00een cadrul prest\u0103rii de servicii transna\u021bionale<\/li>\n<\/ul>\n<p>25. Lector univ.dr. Lucia Costiug, Universitatea \u201eAvram Iancu\u201d din Cluj, avocat \u2013 Baroul Bucure\u0219ti<\/p>\n<ul>\n<li>Asem\u0103n\u0103ri \u0219i deosebiri \u00eentre contractul individual de munc\u0103 \u0219i conven\u021bia civil\u0103<\/li>\n<\/ul>\n<p>26. Conf. univ. dr. Lavinia Onica- Chipea, lector univ. dr. Diana Cirmaciu, Universitatea Agora din Oradea<\/p>\n<ul>\n<li>Aspecte teoretice \u0219i practice privind activitatea de control a Inspec\u021biei Muncii \u00een domeniul s\u0103n\u0103t\u0103\u021bii \u0219i securit\u0103\u021bii \u00een munc\u0103<\/li>\n<\/ul>\n<p>27. Conf.univ.dr. Roxana Radu, Universitatea din Craiova Facultatea de Drept \u015fi \u015etiin\u0163e Administrative<\/p>\n<ul>\n<li>Statutul juridic al personalului clerical din Rom\u00e2nia<\/li>\n<\/ul>\n<p><strong>20.30 \u2013 Concluzii. \u00cenchiderea Conferin\u0163ei.<\/strong><\/p>\n","protected":false},"excerpt":{"rendered":"<p>CONFERIN\u0162A NA\u0162IONAL\u0102 DREPTUL MUNCII &#8211; edi\u021bia a VI-a Sibiu, 28 OCTOMBRIE 2016 \u201eSolu\u0163ii normative sau jurispruden\u0163iale criticabile prin prisma specificului raporturilor juridice de munc\u0103\u201d &nbsp; Organizator: Universitatea \u201eLucian Blaga\u201d din Sibiu, Facultatea de Drept Conferin\u021ba Na\u021bional\u0103 de Dreptul Muncii, edi\u021bia a VI-a, 28 octombrie 2016 Tema: \u201eSolu\u021bii normative sau jurispruden\u021biale criticabile prin prisma specificului raporturilor juridice de munc\u0103\u201d Volum:\u201eSolu\u021bii normative sau jurispruden\u021biale criticabile prin prisma specificului raporturilor juridice de munc\u0103\u201d Editura Universul Juridic, Bucure\u0219ti, ISBN 978-606-39-0057-0, editori volum: prof.univ.dr. Marioara \u021aichindelean, conf.univ.dr. Monica Gheorghe &nbsp; COMITET \u015eTIIN\u0162IFIC \u015eI DE ORGANIZARE [&hellip;]<\/p>\n","protected":false},"author":1,"featured_media":2615,"comment_status":"open","ping_status":"open","sticky":false,"template":"","format":"standard","meta":[],"categories":[68],"tags":[71,70],"jetpack_featured_media_url":"https:\/\/conferences.ulbsibiu.ro\/labour-law\/wp-content\/uploads\/2019\/03\/Conerinta-2016.jpg","_links":{"self":[{"href":"https:\/\/conferences.ulbsibiu.ro\/labour-law\/wp-json\/wp\/v2\/posts\/2614"}],"collection":[{"href":"https:\/\/conferences.ulbsibiu.ro\/labour-law\/wp-json\/wp\/v2\/posts"}],"about":[{"href":"https:\/\/conferences.ulbsibiu.ro\/labour-law\/wp-json\/wp\/v2\/types\/post"}],"author":[{"embeddable":true,"href":"https:\/\/conferences.ulbsibiu.ro\/labour-law\/wp-json\/wp\/v2\/users\/1"}],"replies":[{"embeddable":true,"href":"https:\/\/conferences.ulbsibiu.ro\/labour-law\/wp-json\/wp\/v2\/comments?post=2614"}],"version-history":[{"count":12,"href":"https:\/\/conferences.ulbsibiu.ro\/labour-law\/wp-json\/wp\/v2\/posts\/2614\/revisions"}],"predecessor-version":[{"id":3385,"href":"https:\/\/conferences.ulbsibiu.ro\/labour-law\/wp-json\/wp\/v2\/posts\/2614\/revisions\/3385"}],"wp:featuredmedia":[{"embeddable":true,"href":"https:\/\/conferences.ulbsibiu.ro\/labour-law\/wp-json\/wp\/v2\/media\/2615"}],"wp:attachment":[{"href":"https:\/\/conferences.ulbsibiu.ro\/labour-law\/wp-json\/wp\/v2\/media?parent=2614"}],"wp:term":[{"taxonomy":"category","embeddable":true,"href":"https:\/\/conferences.ulbsibiu.ro\/labour-law\/wp-json\/wp\/v2\/categories?post=2614"},{"taxonomy":"post_tag","embeddable":true,"href":"https:\/\/conferences.ulbsibiu.ro\/labour-law\/wp-json\/wp\/v2\/tags?post=2614"}],"curies":[{"name":"wp","href":"https:\/\/api.w.org\/{rel}","templated":true}]}}